{"id":1719,"date":"2023-10-08T17:14:43","date_gmt":"2023-10-08T17:14:43","guid":{"rendered":"https:\/\/casabenissa.nl\/?p=1719"},"modified":"2025-08-07T08:53:26","modified_gmt":"2025-08-07T08:53:26","slug":"top-10-bezienswaardigheden-in-benissa-en-omgeving","status":"publish","type":"post","link":"https:\/\/casabenissa.nl\/es\/top-10-lugares-de-interes-en-benissa-y-alrededores\/","title":{"rendered":"Cosas que ver en Benissa y alrededores"},"content":{"rendered":"<div id=\"fws_69f5ec66af33b\"  data-column-margin=\"default\" data-midnight=\"dark\"  class=\"wpb_row vc_row-fluid vc_row\"  style=\"padding-top: 0px; padding-bottom: 0px; \"><div class=\"row-bg-wrap\" data-bg-animation=\"none\" data-bg-animation-delay=\"\" data-bg-overlay=\"false\"><div class=\"inner-wrap row-bg-layer\" ><div class=\"row-bg viewport-desktop\"  style=\"\"><\/div><\/div><\/div><div class=\"row_col_wrap_12 col span_12 dark left\">\n\t<div  class=\"vc_col-sm-12 wpb_column column_container vc_column_container col no-extra-padding inherit_tablet inherit_phone\"  data-padding-pos=\"all\" data-has-bg-color=\"false\" data-bg-color=\"\" data-bg-opacity=\"1\" data-animation=\"\" data-delay=\"0\" >\n\t\t<div class=\"vc_column-inner\" >\n\t\t\t<div class=\"wpb_wrapper\">\n\t\t\t\t\n<div class=\"wpb_text_column wpb_content_element\" >\n\t<div class=\"wpb_wrapper\">\n\t\t<p>Belleza natural, rica historia y pueblos con encanto le esperan en Benissa y sus alrededores, en la Costa Blanca espa\u00f1ola. Tanto si es un viajero aventurero al que le gusta explorar la naturaleza, un aficionado a la historia que quiere descubrir lugares antiguos, o simplemente quiere relajarse en hermosas playas, Benissa tiene algo para todo el mundo. He aqu\u00ed nuestros 10 mejores lugares que ver en Benissa y sus alrededores.<\/p>\n\t<\/div>\n<\/div>\n\n\n\n\n\t\t\t<\/div> \n\t\t<\/div>\n\t<\/div> \n<\/div><\/div>\n\t\t<div id=\"fws_69f5ec66aff67\"  data-column-margin=\"default\" data-midnight=\"dark\"  class=\"wpb_row vc_row-fluid vc_row\"  style=\"padding-top: 0px; padding-bottom: 0px; \"><div class=\"row-bg-wrap\" data-bg-animation=\"none\" data-bg-animation-delay=\"\" data-bg-overlay=\"false\"><div class=\"inner-wrap row-bg-layer\" ><div class=\"row-bg viewport-desktop\"  style=\"\"><\/div><\/div><\/div><div class=\"row_col_wrap_12 col span_12 dark left\">\n\t<div  class=\"vc_col-sm-12 wpb_column column_container vc_column_container col padding-2-percent inherit_tablet inherit_phone\"  data-border-radius=\"10px\" data-border-animation=\"\" data-border-animation-delay=\"\" data-border-width=\"1px\" data-border-style=\"solid\" data-border-color=\"#d3d3d3\" data-padding-pos=\"all\" data-has-bg-color=\"false\" data-bg-color=\"\" data-bg-opacity=\"1\" data-animation=\"\" data-delay=\"0\" >\n\t\t<div class=\"vc_column-inner\" style=\"border: 1px solid #d3d3d3;\">\n\t\t\t<div class=\"wpb_wrapper\">\n\t\t\t\t\n<div class=\"wpb_text_column wpb_content_element\" >\n\t<div class=\"wpb_wrapper\">\n\t\t<h2><strong><img loading=\"lazy\" decoding=\"async\" class=\"alignright size-medium wp-image-2002\" src=\"https:\/\/casabenissa.nl\/wp-content\/uploads\/Penon-de-Ifach-calpe-300x200.jpg\" alt=\"Pe\u00f1\u00f3n de Ifach calpe\" width=\"300\" height=\"200\" srcset=\"https:\/\/casabenissa.nl\/wp-content\/uploads\/Penon-de-Ifach-calpe-300x200.jpg 300w, https:\/\/casabenissa.nl\/wp-content\/uploads\/Penon-de-Ifach-calpe-600x400.jpg 600w, https:\/\/casabenissa.nl\/wp-content\/uploads\/Penon-de-Ifach-calpe.jpg 640w\" sizes=\"auto, (max-width: 300px) 100vw, 300px\" \/>1. Pe\u00f1\u00f3n de Ifach<\/strong><\/h2>\n<p>A las afueras de Benissa se encuentra el impresionante Pe\u00f1\u00f3n de Ifach, un parque natural y un lugar popular para practicar senderismo y disfrutar de vistas panor\u00e1micas de la Costa Blanca.<\/p>\n<p>Desde su creaci\u00f3n, el Pe\u00f1\u00f3n de Ifach ha estado dominado por la naturaleza. Por ello, esta maravilla natural alberga una rica colecci\u00f3n de plantas raras que s\u00f3lo se encuentran en este pe\u00f1\u00f3n. Adem\u00e1s, es destino habitual de numerosas aves. Al pie del pe\u00f1\u00f3n hay una laguna especialmente frecuentada por flamencos. Tambi\u00e9n hay un pantano con una superficie de nada menos que 45 hect\u00e1reas. Adem\u00e1s, se tiene una magn\u00edfica vista del lago de agua salada Las Salinas, del casco antiguo de Calpe y tambi\u00e9n de la vecina isla de Ibiza. Debido a la gran variedad de plantas y aves, esta roca ha sido declarada parque natural \u00fanico: Parc Natural<\/p>\n<p>Hace mucho tiempo, \u00edberos y romanos consideraron incluir este lugar en su estrategia militar. En el 15<sup>el<\/sup> se construyeron murallas alrededor del pueblo, incluso m\u00e1s hacia el interior, algunas de las cuales se han conservado (Torre\u00f3n de la Pe\u00e7a).<\/p>\n<div class=\"elementor-element elementor-element-f2179b5 elementor-widget elementor-widget-heading\" data-id=\"f2179b5\" data-element_type=\"widget\" data-widget_type=\"heading.default\">\n<div class=\"elementor-widget-container\">\n<h3 class=\"elementor-heading-title elementor-size-default\">A la cima del Pe\u00f1\u00f3n de Calpe<\/h3>\n<\/div>\n<\/div>\n<div class=\"elementor-element elementor-element-22794d5d elementor-widget elementor-widget-text-editor\" data-id=\"22794d5d\" data-element_type=\"widget\" data-widget_type=\"text-editor.default\">\n<div class=\"elementor-widget-container\">\n<p>La caminata de ida y vuelta desde el aparcamiento hasta la cima del \"Pe\u00f1\u00f3n de Calpe\" dura entre 2,5 y 3 horas, incluyendo una pausa de descanso. La caminata hasta la cima de \"la roca de Calpe\" es menos agotadora que, por ejemplo, la caminata hasta las cuevas de Cova Tallada en J\u00e1vea, pero lleve mucha agua tambi\u00e9n en este caso. No olvide tampoco la crema solar y las gafas de sol.<\/p>\n<p>El acceso al parque es gratuito todo el a\u00f1o, excepto en octubre y noviembre (que es la \u00e9poca de lluvias). Es posible escalar la roca a trav\u00e9s de varias v\u00edas de escalada. Hay 11 rutas en la cara sur y seis en la cara norte, dependiendo de su nivel de forma f\u00edsica. Pero cada ruta ofrece una hermosa experiencia y unas vistas fant\u00e1sticas.<\/p>\n<\/div>\n<\/div>\n\t<\/div>\n<\/div>\n\n\n\n\n\t\t\t<\/div> \n\t\t<\/div>\n\t<\/div> \n\n\t<div  class=\"vc_col-sm-12 wpb_column column_container vc_column_container col no-extra-padding inherit_tablet inherit_phone\"  data-padding-pos=\"all\" data-has-bg-color=\"false\" data-bg-color=\"\" data-bg-opacity=\"1\" data-animation=\"\" data-delay=\"0\" >\n\t\t<div class=\"vc_column-inner\" >\n\t\t\t<div class=\"wpb_wrapper\">\n\t\t\t\t\n\t\t\t<\/div> \n\t\t<\/div>\n\t<\/div> \n<\/div><\/div>\n\t\t<div id=\"fws_69f5ec66b0b9d\"  data-column-margin=\"default\" data-midnight=\"dark\"  class=\"wpb_row vc_row-fluid vc_row\"  style=\"padding-top: 0px; padding-bottom: 0px; \"><div class=\"row-bg-wrap\" data-bg-animation=\"none\" data-bg-animation-delay=\"\" data-bg-overlay=\"false\"><div class=\"inner-wrap row-bg-layer\" ><div class=\"row-bg viewport-desktop\"  style=\"\"><\/div><\/div><\/div><div class=\"row_col_wrap_12 col span_12 dark left\">\n\t<div  class=\"vc_col-sm-12 wpb_column column_container vc_column_container col padding-2-percent inherit_tablet inherit_phone\"  data-border-radius=\"10px\" data-border-animation=\"\" data-border-animation-delay=\"\" data-border-width=\"1px\" data-border-style=\"solid\" data-border-color=\"#d3d3d3\" data-padding-pos=\"all\" data-has-bg-color=\"false\" data-bg-color=\"\" data-bg-opacity=\"1\" data-animation=\"\" data-delay=\"0\" >\n\t\t<div class=\"vc_column-inner\" style=\"border: 1px solid #d3d3d3;\">\n\t\t\t<div class=\"wpb_wrapper\">\n\t\t\t\t\n<div class=\"wpb_text_column wpb_content_element\" >\n\t<div class=\"wpb_wrapper\">\n\t\t<h2><strong>2. <\/strong>Cala Baladrar<\/h2>\n<p><img loading=\"lazy\" decoding=\"async\" class=\"alignright size-full wp-image-1767\" src=\"https:\/\/casabenissa.nl\/wp-content\/uploads\/Xiringuito-Olala.jpg\" sizes=\"auto, (max-width: 225px) 100vw, 225px\" srcset=\"https:\/\/casabenissa.nl\/wp-content\/uploads\/Xiringuito-Olala.jpg 225w, https:\/\/casabenissa.nl\/wp-content\/uploads\/Xiringuito-Olala-150x150.jpg 150w, https:\/\/casabenissa.nl\/wp-content\/uploads\/Xiringuito-Olala-140x140.jpg 140w, https:\/\/casabenissa.nl\/wp-content\/uploads\/Xiringuito-Olala-100x100.jpg 100w\" alt=\"Xiringuito Olala\" width=\"225\" height=\"225\" \/>Cala Baladrar es otra joya de la costa de Benissa. Esta peque\u00f1a playa tiene un ambiente \u00edntimo y est\u00e1 rodeada de acantilados rocosos y pinos. La bah\u00eda es conocida por su tranquilidad y su hermoso paisaje, por lo que es el lugar perfecto para escapar de las multitudes y disfrutar de esta belleza natural.<\/p>\n<p>Un acantilado divide esta bah\u00eda en El Baladrar y La Goleta. Comienza con el Barranco \"dels Sesters\", de guijarros, y termina con un acantilado de 30 metros de altura. La bah\u00eda est\u00e1 protegida de los vientos de levante y sus aguas poco profundas y transparentes y su abundante vida acu\u00e1tica la convierten en el lugar perfecto.<\/p>\n<p>Aunque Cala Baladrar no cuenta con grandes servicios, hay un encantador\u00a0<a href=\"https:\/\/www.facebook.com\/olalacalabaladrar\/?locale=nl_NL\" target=\"_blank\" rel=\"noopener\">Xiringuito Olala<\/a>\u00a0(chiringuito) donde podr\u00e1 disfrutar de tapas y bebidas con vistas al mar. Esta playa tambi\u00e9n es popular entre los aficionados al snorkel por sus aguas cristalinas y su diversa fauna submarina.<\/p>\n\t<\/div>\n<\/div>\n\n\n\n\n\t\t\t<\/div> \n\t\t<\/div>\n\t<\/div> \n\n\t<div  class=\"vc_col-sm-12 wpb_column column_container vc_column_container col no-extra-padding inherit_tablet inherit_phone\"  data-padding-pos=\"all\" data-has-bg-color=\"false\" data-bg-color=\"\" data-bg-opacity=\"1\" data-animation=\"\" data-delay=\"0\" >\n\t\t<div class=\"vc_column-inner\" >\n\t\t\t<div class=\"wpb_wrapper\">\n\t\t\t\t\n\t\t\t<\/div> \n\t\t<\/div>\n\t<\/div> \n<\/div><\/div>\n\t\t<div id=\"fws_69f5ec66b185a\"  data-column-margin=\"default\" data-midnight=\"dark\"  class=\"wpb_row vc_row-fluid vc_row\"  style=\"padding-top: 0px; padding-bottom: 0px; \"><div class=\"row-bg-wrap\" data-bg-animation=\"none\" data-bg-animation-delay=\"\" data-bg-overlay=\"false\"><div class=\"inner-wrap row-bg-layer\" ><div class=\"row-bg viewport-desktop\"  style=\"\"><\/div><\/div><\/div><div class=\"row_col_wrap_12 col span_12 dark left\">\n\t<div  class=\"vc_col-sm-12 wpb_column column_container vc_column_container col padding-2-percent inherit_tablet inherit_phone\"  data-border-radius=\"10px\" data-border-animation=\"\" data-border-animation-delay=\"\" data-border-width=\"1px\" data-border-style=\"solid\" data-border-color=\"#d3d3d3\" data-padding-pos=\"all\" data-has-bg-color=\"false\" data-bg-color=\"\" data-bg-opacity=\"1\" data-animation=\"\" data-delay=\"0\" >\n\t\t<div class=\"vc_column-inner\" style=\"border: 1px solid #d3d3d3;\">\n\t\t\t<div class=\"wpb_wrapper\">\n\t\t\t\t\n<div class=\"wpb_text_column wpb_content_element\" >\n\t<div class=\"wpb_wrapper\">\n\t\t<h2><strong><img loading=\"lazy\" decoding=\"async\" class=\"alignright size-medium wp-image-1921\" src=\"https:\/\/casabenissa.nl\/wp-content\/uploads\/Benissa-historisch-centrum-1-300x200.jpg\" alt=\"Centro hist\u00f3rico de Benissa\" width=\"300\" height=\"200\" srcset=\"https:\/\/casabenissa.nl\/wp-content\/uploads\/Benissa-historisch-centrum-1-300x200.jpg 300w, https:\/\/casabenissa.nl\/wp-content\/uploads\/Benissa-historisch-centrum-1.jpg 600w\" sizes=\"auto, (max-width: 300px) 100vw, 300px\" \/>3. <\/strong>Centro hist\u00f3rico de Benissa<\/h2>\n<p>Uno de los aspectos m\u00e1s encantadores de Benissa es su centro hist\u00f3rico. Las mansiones hist\u00f3ricas del siglo XVIII muestran el esplendor arquitect\u00f3nico de Benissa. Puede pasear por las estrechas calles y admirar las fachadas bien conservadas. Pasee por las calles empedradas y admire la arquitectura bien conservada. La iglesia de la Pur\u00edsima Xiqueta, con sus elementos g\u00f3ticos y neocl\u00e1sicos, es un hito destacado del centro. Pasee por la plaza del Portal de El Calvari, una pintoresca plaza rodeada de coloridos edificios y acogedores caf\u00e9s. No olvide tomarse un tiempo para empaparse del ambiente y disfrutar de la gastronom\u00eda local en uno de los encantadores <a href=\"\/culinair-genieten-in-benissa-proef-de-lokale-gerechten-en-restaurants\/\">restaurantes<\/a>.<\/p>\n<h3>Iglesia de la Pur\u00edsima Xiqueta<\/h3>\n<p>Impresionante y distintivo edificio blanco de estilo neog\u00f3tico para visitar por dentro. Construida en la d\u00e9cada de 1920 por los propios lugare\u00f1os, la iglesia recibi\u00f3 el sobrenombre de Catedral del Mar por sus dimensiones de casi 60 metros de longitud y unos 30 de altura. Dependiendo de la hora del d\u00eda, se puede disfrutar m\u00e1s o menos de la sofisticada luz, incluso sobre la estatua dorada de la patrona sobre el altar mayor, a trav\u00e9s de la hermosa c\u00fapula que adorna esta iglesia. Hay hermosos altares dorados en las naves laterales y el altar mayor tambi\u00e9n est\u00e1 bellamente decorado, y se puede aparcar el coche en la plaza frente a la iglesia.<\/p>\n<h3>Ruta a pie Centro hist\u00f3rico de Benissa<\/h3>\n<p>Punto de partida: <a href=\"https:\/\/maps.app.goo.gl\/suoVW8VxZHLf1ArU6\" target=\"_blank\" rel=\"noopener\">La Plaza del Portal<\/a> con el ayuntamiento. A finales del siglo XVIII, en este lugar exist\u00eda un hospital para los pobres y enfermos de la ciudad. Benissa fue una ciudad amurallada con la puerta principal de entrada aqu\u00ed, en la parte superior de la calle \"Pur\u00edssima\". T\u00f3mese su tiempo para pasear por esta t\u00edpica calle medieval, con sus impresionantes mansiones, locales y balcones con ornamentadas barandillas de hierro. Pasee por la Plaza de la Iglesia Vieja, donde se alzaba la iglesia fortificada de San Pedro, admire la Sala del Consell, del siglo XVI, y el monumento al Riberero, construido en honor de los habitantes de Benissa que emigraron a la Ribera valenciana para trabajar all\u00ed en los arrozales.<\/p>\n<p>Al otro lado de la carretera ver\u00e1 la Casa de la Cultura, una antigua mansi\u00f3n construida junto a la famosa casa de Juan Vives, donde se guarda la milagrosa imagen de la patrona de Benissa, conocida por todos como La Pur\u00edssima Xiqueta.<\/p>\n<p>Pasada la Sala del Consell, se entra en una peque\u00f1a calle llamada Calle del \u00c1ngel que desemboca en la Calle dels Desamparats. Merece la pena visitar esta calle, ya que en ella se pueden ver las casas de los nobles de anta\u00f1o. Al final de la calle dels Desamparats, gire a la izquierda hacia \"El Casal dels Joves\" (Centro Juvenil) con su interesante dise\u00f1o exterior. Contin\u00fae hasta llegar de nuevo a la C\/Pur\u00edssima. Llegar\u00e1 a la Iglesia de la Pur\u00edssima Xiqueta, de estilo neog\u00f3tico.<\/p>\n<h3>la Iglesia de la Pur\u00edssima Xiqueta<\/h3>\n<p>Esta iglesia de extraordinarias proporciones est\u00e1 situada justo en el centro del casco antiguo. Por razones obvias, aqu\u00ed se la conoce como la \"Catedral de la Marina\". En su interior, junto al altar, se encuentra entronizada la imagen de la Pur\u00edssima Xiqueta, patrona de Benissa, que sale en procesi\u00f3n cada cuarto domingo de abril durante la celebraci\u00f3n de las fiestas patronales.<\/p>\n<p>Desde aqu\u00ed, camine despacio por las calles y en 10 minutos llegar\u00e1 al monasterio franciscano del siglo XVII. La fachada es la de un edificio fortificado, pero en el interior del claustro se respira un ambiente de intimidad y serenidad. Junto al claustro se encuentra la iglesia propiamente dicha, con un hermoso retablo del siglo XVIII y una excelente escultura de madera de San Antonio de Padua.<\/p>\n\t<\/div>\n<\/div>\n\n\n\n\n\t\t\t<\/div> \n\t\t<\/div>\n\t<\/div> \n\n\t<div  class=\"vc_col-sm-12 wpb_column column_container vc_column_container col no-extra-padding inherit_tablet inherit_phone\"  data-padding-pos=\"all\" data-has-bg-color=\"false\" data-bg-color=\"\" data-bg-opacity=\"1\" data-animation=\"\" data-delay=\"0\" >\n\t\t<div class=\"vc_column-inner\" >\n\t\t\t<div class=\"wpb_wrapper\">\n\t\t\t\t\n\t\t\t<\/div> \n\t\t<\/div>\n\t<\/div> \n<\/div><\/div>\n\t\t<div id=\"fws_69f5ec66b2455\"  data-column-margin=\"default\" data-midnight=\"dark\"  class=\"wpb_row vc_row-fluid vc_row\"  style=\"padding-top: 0px; padding-bottom: 0px; \"><div class=\"row-bg-wrap\" data-bg-animation=\"none\" data-bg-animation-delay=\"\" data-bg-overlay=\"false\"><div class=\"inner-wrap row-bg-layer\" ><div class=\"row-bg viewport-desktop\"  style=\"\"><\/div><\/div><\/div><div class=\"row_col_wrap_12 col span_12 dark left\">\n\t<div  class=\"vc_col-sm-12 wpb_column column_container vc_column_container col padding-2-percent inherit_tablet inherit_phone\"  data-border-radius=\"10px\" data-border-animation=\"\" data-border-animation-delay=\"\" data-border-width=\"1px\" data-border-style=\"solid\" data-border-color=\"#d3d3d3\" data-padding-pos=\"all\" data-has-bg-color=\"false\" data-bg-color=\"\" data-bg-opacity=\"1\" data-animation=\"\" data-delay=\"0\" >\n\t\t<div class=\"vc_column-inner\" style=\"border: 1px solid #d3d3d3;\">\n\t\t\t<div class=\"wpb_wrapper\">\n\t\t\t\t\n<div class=\"wpb_text_column wpb_content_element\" >\n\t<div class=\"wpb_wrapper\">\n\t\t<h2><strong><img loading=\"lazy\" decoding=\"async\" class=\"alignright size-medium wp-image-1933\" src=\"https:\/\/casabenissa.nl\/wp-content\/uploads\/Cova-dels-Arcs-300x200.jpg\" alt=\"Cova dels Arcs\" width=\"300\" height=\"200\" srcset=\"https:\/\/casabenissa.nl\/wp-content\/uploads\/Cova-dels-Arcs-300x200.jpg 300w, https:\/\/casabenissa.nl\/wp-content\/uploads\/Cova-dels-Arcs.jpg 472w\" sizes=\"auto, (max-width: 300px) 100vw, 300px\" \/>4. La Cova dels Arcs<\/strong><\/h2>\n<p><a href=\"https:\/\/www.comunitatvalenciana.com\/en\/alacant-alicante\/poble-nou-de-benitatxell-el-benitachell\/natural-landscapes\/cova-dels-arcs\" target=\"_blank\" rel=\"noopener\">Cova dels Arcs<\/a> Sus llamativos arcos de roca en el agua cerca de una escarpada bah\u00eda se combinan para formar una impresionante cueva marina. <a href=\"https:\/\/www.comunitatvalenciana.com\/en\/alacant-alicante\/poble-nou-de-benitatxell-el-benitachell\/natural-landscapes\/cova-dels-arcs\" target=\"_blank\" rel=\"noopener\">Cova dels Arcs<\/a>\u00a0est\u00e1 situado en uno de los tramos m\u00e1s bellos de la Costa Blanca y se encuentra junto a la Cala del Moraig. Cala del Moraig es un lugar incre\u00edblemente pintoresco, una bah\u00eda de aguas cristalinas de color turquesa rodeada de monta\u00f1as y acantilados.<\/p>\n<p>La Cova dels Arcs es uno de los mejores ejemplos de drenaje de un sistema k\u00e1rstico formado a lo largo de 60.000 a\u00f1os. Es un lugar popular entre buceadores y espele\u00f3logos atra\u00eddos por su impresionante paisaje.<\/p>\n<p>La Cava dels Arcs es tambi\u00e9n un hermoso lugar de inmersi\u00f3n con mucho que ver. Se bucea a lo largo de una pared con una serie de cuevas, algunas de las cuales son lo suficientemente grandes como para nadar a trav\u00e9s de ellas. Una de estas cuevas est\u00e1 en parte abierta y en parte cubierta, y al final se puede ascender. De este modo, se llega a la parte superior de la cueva abierta. Dentro y alrededor de las rocas encontrar\u00e1 bancos de peces, sepias, pulpos y morenas.<\/p>\n\t<\/div>\n<\/div>\n\n\n\n\n\t\t\t<\/div> \n\t\t<\/div>\n\t<\/div> \n\n\t<div  class=\"vc_col-sm-12 wpb_column column_container vc_column_container col no-extra-padding inherit_tablet inherit_phone\"  data-padding-pos=\"all\" data-has-bg-color=\"false\" data-bg-color=\"\" data-bg-opacity=\"1\" data-animation=\"\" data-delay=\"0\" >\n\t\t<div class=\"vc_column-inner\" >\n\t\t\t<div class=\"wpb_wrapper\">\n\t\t\t\t\n\t\t\t<\/div> \n\t\t<\/div>\n\t<\/div> \n<\/div><\/div>\n\t\t<div id=\"fws_69f5ec66b3018\"  data-column-margin=\"default\" data-midnight=\"dark\"  class=\"wpb_row vc_row-fluid vc_row\"  style=\"padding-top: 0px; padding-bottom: 0px; \"><div class=\"row-bg-wrap\" data-bg-animation=\"none\" data-bg-animation-delay=\"\" data-bg-overlay=\"false\"><div class=\"inner-wrap row-bg-layer\" ><div class=\"row-bg viewport-desktop\"  style=\"\"><\/div><\/div><\/div><div class=\"row_col_wrap_12 col span_12 dark left\">\n\t<div  class=\"vc_col-sm-12 wpb_column column_container vc_column_container col padding-2-percent inherit_tablet inherit_phone\"  data-border-radius=\"10px\" data-border-animation=\"\" data-border-animation-delay=\"\" data-border-width=\"1px\" data-border-style=\"solid\" data-border-color=\"#d3d3d3\" data-padding-pos=\"all\" data-has-bg-color=\"false\" data-bg-color=\"\" data-bg-opacity=\"1\" data-animation=\"\" data-delay=\"0\" >\n\t\t<div class=\"vc_column-inner\" style=\"border: 1px solid #d3d3d3;\">\n\t\t\t<div class=\"wpb_wrapper\">\n\t\t\t\t\n<div class=\"wpb_text_column wpb_content_element\" >\n\t<div class=\"wpb_wrapper\">\n\t\t<h2><strong><img loading=\"lazy\" decoding=\"async\" class=\"alignright size-medium wp-image-1925\" src=\"https:\/\/casabenissa.nl\/wp-content\/uploads\/Sierra-de-Bernia-wandelroute-300x200.jpg\" alt=\"Ruta de senderismo Sierra de Bernia\" width=\"300\" height=\"200\" srcset=\"https:\/\/casabenissa.nl\/wp-content\/uploads\/Sierra-de-Bernia-wandelroute-300x200.jpg 300w, https:\/\/casabenissa.nl\/wp-content\/uploads\/Sierra-de-Bernia-wandelroute.jpg 307w\" sizes=\"auto, (max-width: 300px) 100vw, 300px\" \/>5. <\/strong>Parque Natural de la Sierra de Bernia<\/h2>\n<p>Para los amantes del senderismo y la belleza natural, el Parque Natural de la Sierra de Bernia es una visita obligada. Aqu\u00ed encontrar\u00e1 una red de rutas de senderismo que serpentean a trav\u00e9s de paisajes impresionantes. Mientras practica senderismo, podr\u00e1 disfrutar de vistas panor\u00e1micas del Mediterr\u00e1neo y de la campi\u00f1a circundante. El parque ofrece diferentes niveles de dificultad, por lo que tanto los principiantes como los excursionistas experimentados pueden disfrutar del bello entorno.<\/p>\n<p>La sierra de Bernia es una peque\u00f1a cadena monta\u00f1osa a una hora al sur de Valencia. Esta reserva natural se extiende 20 km hacia el interior de la Costa Blanca, sin haber sido tocada por el turismo de masas, y ya es en gran parte zona protegida en la actualidad.<\/p>\n<h3>Rica flora y fauna<\/h3>\n<p>En esta zona encontrar\u00e1 una enorme riqueza faun\u00edstica: jabal\u00edes, zorros, ginetas, martas, armi\u00f1os y comadrejas. Varias especies de reptiles y una enorme riqueza de aves canoras, b\u00fahos, halcones, ratoneros y otras grandes rapaces. Flora: Adem\u00e1s del olivo, el almendro y el algarobo y el cactus disco o higuera, la zona est\u00e1 dominada por el pino silvestre. La vegetaci\u00f3n original de nopal y alcornoque tambi\u00e9n se puede encontrar todav\u00eda aqu\u00ed. Seg\u00fan la \u00e9poca del a\u00f1o, hierbas como: hinojo, romero, manzanilla, tomillo y lavanda desprenden el aire especiado t\u00edpico de esta zona.<\/p>\n<h3>Ruta de senderismo Casas de Bernia<\/h3>\n<p>La ruta de senderismo alrededor de la Sierra de Bernia es quiz\u00e1s nuestra ruta de senderismo favorita de la Costa Blanca. El t\u00fanel natural El Forat, los restos del Fuerte de Bernia y las vistas panor\u00e1micas hacen de \u00e9sta una ruta de senderismo que no debe perderse. Sin embargo, esto hace que la ruta sea muy popular. Por lo tanto, aseg\u00farese de ir lo m\u00e1s temprano posible para adelantarse a las multitudes.<\/p>\n<p>Recomendamos empezar por el punto de partida (<a href=\"https:\/\/en.benissa.net\/ver\/81\/pr-cv-7-b%c3rnia--pr-cv-436-font-de-b%c3rnia.html\" target=\"_blank\" rel=\"noopener\">Les Cases de B\u00e8rnia<\/a>) comenzando la ruta en el sentido de las agujas del reloj. R\u00e1pidamente se sube al t\u00fanel, luego se sube y se baja durante un rato, y finalmente se termina con un descenso f\u00e1cil. \u00bfEs usted un excursionista experimentado? Entonces puede optar incluso por subir al monte Bernia.<\/p>\n<ul>\n<li>Nivel: medio<\/li>\n<li>Longitud: \u00b1 9 km<\/li>\n<li>Tiempo de marcha: \u00b1 3,5 horas<\/li>\n<li>Punto de salida y de llegada: Les Cases de Bernia<\/li>\n<\/ul>\n<p><a href=\"https:\/\/casabenissa.nl\/de-mooiste-wandelingen-in-de-buurt-van-benissa-verken-de-natuurlijke-schoonheid-van-de-costa-blanca\/\">Otras rutas de senderismo cerca de Benissa<\/a><\/p>\n\t<\/div>\n<\/div>\n\n\n\n\n\t\t\t<\/div> \n\t\t<\/div>\n\t<\/div> \n\n\t<div  class=\"vc_col-sm-12 wpb_column column_container vc_column_container col no-extra-padding inherit_tablet inherit_phone\"  data-padding-pos=\"all\" data-has-bg-color=\"false\" data-bg-color=\"\" data-bg-opacity=\"1\" data-animation=\"\" data-delay=\"0\" >\n\t\t<div class=\"vc_column-inner\" >\n\t\t\t<div class=\"wpb_wrapper\">\n\t\t\t\t\n\t\t\t<\/div> \n\t\t<\/div>\n\t<\/div> \n<\/div><\/div>\n\t\t<div id=\"fws_69f5ec66b3ca1\"  data-column-margin=\"default\" data-midnight=\"dark\"  class=\"wpb_row vc_row-fluid vc_row\"  style=\"padding-top: 0px; padding-bottom: 0px; \"><div class=\"row-bg-wrap\" data-bg-animation=\"none\" data-bg-animation-delay=\"\" data-bg-overlay=\"false\"><div class=\"inner-wrap row-bg-layer\" ><div class=\"row-bg viewport-desktop\"  style=\"\"><\/div><\/div><\/div><div class=\"row_col_wrap_12 col span_12 dark left\">\n\t<div  class=\"vc_col-sm-12 wpb_column column_container vc_column_container col padding-2-percent inherit_tablet inherit_phone\"  data-border-radius=\"10px\" data-border-animation=\"\" data-border-animation-delay=\"\" data-border-width=\"1px\" data-border-style=\"solid\" data-border-color=\"#d3d3d3\" data-padding-pos=\"all\" data-has-bg-color=\"false\" data-bg-color=\"\" data-bg-opacity=\"1\" data-animation=\"\" data-delay=\"0\" >\n\t\t<div class=\"vc_column-inner\" style=\"border: 1px solid #d3d3d3;\">\n\t\t\t<div class=\"wpb_wrapper\">\n\t\t\t\t\n<div class=\"wpb_text_column wpb_content_element\" >\n\t<div class=\"wpb_wrapper\">\n\t\t<h2><strong><img loading=\"lazy\" decoding=\"async\" class=\"alignright size-medium wp-image-1923\" src=\"https:\/\/casabenissa.nl\/wp-content\/uploads\/castillo-de-moraira-300x198.webp\" alt=\"castillo de moraira\" width=\"300\" height=\"198\" srcset=\"https:\/\/casabenissa.nl\/wp-content\/uploads\/castillo-de-moraira-300x198.webp 300w, https:\/\/casabenissa.nl\/wp-content\/uploads\/castillo-de-moraira.webp 390w\" sizes=\"auto, (max-width: 300px) 100vw, 300px\" \/>6. Castell de Moraira<\/strong><\/h2>\n<p>Un pintoresco castillo con vistas a la ciudad de Moraira. Ofrece unas vistas impresionantes del mar y los alrededores.<\/p>\n<p>Fortaleza del siglo XVIII situada sobre una peque\u00f1a roca en la playa de l'Ampolla, en Moraira. El escudo real borb\u00f3nico se encuentra sobre la puerta de entrada y da la fecha de 1742, lo que deber\u00eda indicar el a\u00f1o en que finalizaron las obras de construcci\u00f3n. El Castillo de Moraira se construy\u00f3 para proteger a la ciudad de los end\u00e9micos ataques de piratas berberiscos a lo largo de esta costa. La forma del edificio se conoce como pezu\u00f1a de buey, con un lado sur semicircular y un lado norte recto con la puerta.<\/p>\n<p>En el interior, hay tres alas y dos pisos. El castillo tiene 10 metros de altura. Se vigilaba desde peque\u00f1os huecos en las murallas y se montaban ca\u00f1ones en las troneras de la parte superior del castillo. Se sabe que estaba armado con cuatro ca\u00f1ones de bronce y que fue gravemente da\u00f1ado por la Armada brit\u00e1nica el 20 de julio de 1801.<\/p>\n<p>El castillo se restaur\u00f3 por completo a principios de la d\u00e9cada de 1980 y hoy se encuentra en buen estado, con una amplia vista panor\u00e1mica de las distintas playas.<\/p>\n\t<\/div>\n<\/div>\n\n\n\n\n\t\t\t<\/div> \n\t\t<\/div>\n\t<\/div> \n\n\t<div  class=\"vc_col-sm-12 wpb_column column_container vc_column_container col no-extra-padding inherit_tablet inherit_phone\"  data-padding-pos=\"all\" data-has-bg-color=\"false\" data-bg-color=\"\" data-bg-opacity=\"1\" data-animation=\"\" data-delay=\"0\" >\n\t\t<div class=\"vc_column-inner\" >\n\t\t\t<div class=\"wpb_wrapper\">\n\t\t\t\t\n\t\t\t<\/div> \n\t\t<\/div>\n\t<\/div> \n<\/div><\/div>\n\t\t<div id=\"fws_69f5ec66b484a\"  data-column-margin=\"default\" data-midnight=\"dark\"  class=\"wpb_row vc_row-fluid vc_row\"  style=\"padding-top: 0px; padding-bottom: 0px; \"><div class=\"row-bg-wrap\" data-bg-animation=\"none\" data-bg-animation-delay=\"\" data-bg-overlay=\"false\"><div class=\"inner-wrap row-bg-layer\" ><div class=\"row-bg viewport-desktop\"  style=\"\"><\/div><\/div><\/div><div class=\"row_col_wrap_12 col span_12 dark left\">\n\t<div  class=\"vc_col-sm-12 wpb_column column_container vc_column_container col padding-2-percent inherit_tablet inherit_phone\"  data-border-radius=\"10px\" data-border-animation=\"\" data-border-animation-delay=\"\" data-border-width=\"1px\" data-border-style=\"solid\" data-border-color=\"#d3d3d3\" data-padding-pos=\"all\" data-has-bg-color=\"false\" data-bg-color=\"\" data-bg-opacity=\"1\" data-animation=\"\" data-delay=\"0\" >\n\t\t<div class=\"vc_column-inner\" style=\"border: 1px solid #d3d3d3;\">\n\t\t\t<div class=\"wpb_wrapper\">\n\t\t\t\t\n<div class=\"wpb_text_column wpb_content_element\" >\n\t<div class=\"wpb_wrapper\">\n\t\t<h2><strong>7. Les Bassetes (Deportes n\u00e1uticos)<\/strong><\/h2>\n<p>La costa de Benissa ofrece muchas oportunidades para los amantes de los deportes acu\u00e1ticos. Tanto si desea practicar snorkel, buceo, vela o simplemente nadar, hay algo para todos los gustos. Hay escuelas de buceo y alquiler de equipos para deportes acu\u00e1ticos, as\u00ed que aunque no sea un buceador o marinero experimentado, podr\u00e1 explorar el mundo submarino o sentir el viento en sus velas. Les Bassetes es perfecto para los entusiastas de los deportes acu\u00e1ticos. Aqu\u00ed podr\u00e1 emprender los siguientes.<\/p>\n<h3>Cursos y lecciones<\/h3>\n<ul>\n<li><strong>Catamar\u00e1n<\/strong> cursos y lecciones<\/li>\n<li><strong>Windsurf<\/strong> cursos y lecciones<\/li>\n<li><strong>WingFoiling<\/strong> cursos y lecciones<\/li>\n<li><strong>Stand Up Paddle Surf<\/strong> (SUP) cursos y lecciones<\/li>\n<li><strong>Kayak y pirag\u00fcismo<\/strong> cursos y lecciones<\/li>\n<li><strong>Campamentos de deportes n\u00e1uticos <\/strong>Campamentos multiactividad acu\u00e1ticos para ni\u00f1os y j\u00f3venes<\/li>\n<li><strong>Cursos de vela <\/strong>para ni\u00f1os y j\u00f3venes<\/li>\n<\/ul>\n<h3>Alquiler<\/h3>\n<ul>\n<li><i><\/i><strong>Alquiler de catamaranes<\/strong> - \u00daltimos modelos de Hobie Cat<\/li>\n<li><strong>Alquiler de windsurf<\/strong> - Gaastra \/ Centro Internacional Tabou<\/li>\n<li><strong>Alquiler de Stand Up Paddle Surf<\/strong> - Red Paddle Co<\/li>\n<li><strong>Alquiler de kayak y canoas y para llevar<\/strong> - RTM<\/li>\n<li><strong>Pizarras electr\u00f3nicas<\/strong>\u00a0&#8211;\u00a0<span lang=\"nl\">Una forma completamente nueva de explorar la costa<\/span><\/li>\n<\/ul>\n<h3>Excursiones y visitas<\/h3>\n<ul>\n<li class=\"style891\"><strong>Pizarras electr\u00f3nicas<\/strong> Excursi\u00f3n costera<\/li>\n<li class=\"style891\"><strong>Kayak y pirag\u00fcismo\u00a0<\/strong>Desayuno Excursi\u00f3n<\/li>\n<li class=\"style891\"><strong>Kayak y pirag\u00fcismo\u00a0<\/strong>Excursiones costeras + snorkel y saltos de roca<\/li>\n<li class=\"style891\"><strong>Luna llena<\/strong>\u00a0<strong>Aventura<\/strong> - Bajo las estrellas y la luna llena<\/li>\n<li class=\"style891\"><strong>Stand Up Paddle Surf<\/strong> Desayuno Excursi\u00f3n<\/li>\n<li class=\"style891\"><strong>Catamar\u00e1n\u00a0<\/strong>Experiencia de navegaci\u00f3n con reconocimiento costero y snorkel<\/li>\n<li class=\"style891\"><strong>Catamar\u00e1n<\/strong>\u00a0Aventuras por la Costa Blanca<\/li>\n<\/ul>\n<p><span class=\"wixui-rich-text__text\">Visite el sitio de <a class=\"wixui-rich-text__text\" href=\"http:\/\/www.lasantipodas.com\/Dintro.htm\" target=\"_blank\" rel=\"noreferrer noopener\">Las Ant\u00edpodas <\/a>para todas las posibilidades.<\/span><\/p>\n\t<\/div>\n<\/div>\n\n\n\n\n\t\t\t<\/div> \n\t\t<\/div>\n\t<\/div> \n\n\t<div  class=\"vc_col-sm-12 wpb_column column_container vc_column_container col no-extra-padding inherit_tablet inherit_phone\"  data-padding-pos=\"all\" data-has-bg-color=\"false\" data-bg-color=\"\" data-bg-opacity=\"1\" data-animation=\"\" data-delay=\"0\" >\n\t\t<div class=\"vc_column-inner\" >\n\t\t\t<div class=\"wpb_wrapper\">\n\t\t\t\t\n\t\t\t<\/div> \n\t\t<\/div>\n\t<\/div> \n<\/div><\/div>\n\t\t<div id=\"fws_69f5ec66b54d8\"  data-column-margin=\"default\" data-midnight=\"dark\"  class=\"wpb_row vc_row-fluid vc_row\"  style=\"padding-top: 0px; padding-bottom: 0px; \"><div class=\"row-bg-wrap\" data-bg-animation=\"none\" data-bg-animation-delay=\"\" data-bg-overlay=\"false\"><div class=\"inner-wrap row-bg-layer\" ><div class=\"row-bg viewport-desktop\"  style=\"\"><\/div><\/div><\/div><div class=\"row_col_wrap_12 col span_12 dark left\">\n\t<div  class=\"vc_col-sm-12 wpb_column column_container vc_column_container col padding-2-percent inherit_tablet inherit_phone\"  data-border-radius=\"10px\" data-border-animation=\"\" data-border-animation-delay=\"\" data-border-width=\"1px\" data-border-style=\"solid\" data-border-color=\"#d3d3d3\" data-padding-pos=\"all\" data-has-bg-color=\"false\" data-bg-color=\"\" data-bg-opacity=\"1\" data-animation=\"\" data-delay=\"0\" >\n\t\t<div class=\"vc_column-inner\" style=\"border: 1px solid #d3d3d3;\">\n\t\t\t<div class=\"wpb_wrapper\">\n\t\t\t\t\n<div class=\"wpb_text_column wpb_content_element\" >\n\t<div class=\"wpb_wrapper\">\n\t\t<h2><strong><img loading=\"lazy\" decoding=\"async\" class=\"alignright size-medium wp-image-1927\" src=\"https:\/\/casabenissa.nl\/wp-content\/uploads\/Iglesia-nuestra-Senora-del-Consuelo-altea-300x223.webp\" alt=\"Iglesia nuestra Se\u00f1ora del Consuelo altea\" width=\"300\" height=\"223\" srcset=\"https:\/\/casabenissa.nl\/wp-content\/uploads\/Iglesia-nuestra-Senora-del-Consuelo-altea-300x223.webp 300w, https:\/\/casabenissa.nl\/wp-content\/uploads\/Iglesia-nuestra-Senora-del-Consuelo-altea-768x572.webp 768w, https:\/\/casabenissa.nl\/wp-content\/uploads\/Iglesia-nuestra-Senora-del-Consuelo-altea-600x447.webp 600w, https:\/\/casabenissa.nl\/wp-content\/uploads\/Iglesia-nuestra-Senora-del-Consuelo-altea.webp 907w\" sizes=\"auto, (max-width: 300px) 100vw, 300px\" \/>8. Altea<\/strong><\/h2>\n<p>Aunque est\u00e1 a las afueras de Benissa, merece la pena visitar el pintoresco pueblo de Altea. Tiene calles estrechas y empedradas, casas encaladas y un pintoresco casco antiguo.<\/p>\n<p>En Altea, numerosas civilizaciones (\u00edberos, griegos, fenicios, romanos y musulmanes) dejaron su huella e influencia a lo largo de la historia. En el siglo XVII, la ciudad tuvo que v\u00e9rselas a menudo con piratas. Desde el siglo XVIII, se convirti\u00f3 en refugio de muchos artistas, escritores y m\u00fasicos. En los a\u00f1os 60-70, segu\u00eda siendo muy popular entre los creativos y Altea adquiri\u00f3 un aire bohemio.<\/p>\n<h3>Cultura y gastronom\u00eda en Altea<\/h3>\n<p>Altea es cultura y por ello ostenta inmediatamente el t\u00edtulo de \"capital cultural\" de la Comunidad Valenciana. As\u00ed, alberga el Palau de Altea con una Facultad de Bellas Artes de la Universidad. Tambi\u00e9n es conservatorio de m\u00fasica y centro cultural y Museo de M\u00fasica \u00c9tnica.<\/p>\n<p>El barrio m\u00e1s antiguo de Altea alberga la \"Torra de Bellaguarda\". Se trata de una antigua torre de la muralla de la ciudad que, al igual que la \"Torre de la Galera\", ha sido declarada patrimonio cultural. La Iglesia Nuestra Se\u00f1ora del Consuelo puede considerarse el s\u00edmbolo de Altea. Esta iglesia parroquial data de principios del siglo XX. Adem\u00e1s de su posici\u00f3n elevada, destacan las dobles c\u00fapulas azules con decoraci\u00f3n blanca. Por su posici\u00f3n elevada, se la suele llamar \"Iglesia de Arriba\". Es una parroquia encantadora que merece la pena ver.<\/p>\n<p>La gastronom\u00eda de Altea tiene influencias de diferentes culturas. Las comidas t\u00edpicas de Altea incluyen salazones, \"coques al forn\" y una receta argentina de cordero a la cruz. Los restaurantes de Altea ofrecen una variedad gastron\u00f3mica excelente.<\/p>\n\t<\/div>\n<\/div>\n\n\n\n\n\t\t\t<\/div> \n\t\t<\/div>\n\t<\/div> \n\n\t<div  class=\"vc_col-sm-12 wpb_column column_container vc_column_container col no-extra-padding inherit_tablet inherit_phone\"  data-padding-pos=\"all\" data-has-bg-color=\"false\" data-bg-color=\"\" data-bg-opacity=\"1\" data-animation=\"\" data-delay=\"0\" >\n\t\t<div class=\"vc_column-inner\" >\n\t\t\t<div class=\"wpb_wrapper\">\n\t\t\t\t\n\t\t\t<\/div> \n\t\t<\/div>\n\t<\/div> \n<\/div><\/div>\n\t\t<div id=\"fws_69f5ec66b618e\"  data-column-margin=\"default\" data-midnight=\"dark\"  class=\"wpb_row vc_row-fluid vc_row\"  style=\"padding-top: 0px; padding-bottom: 0px; \"><div class=\"row-bg-wrap\" data-bg-animation=\"none\" data-bg-animation-delay=\"\" data-bg-overlay=\"false\"><div class=\"inner-wrap row-bg-layer\" ><div class=\"row-bg viewport-desktop\"  style=\"\"><\/div><\/div><\/div><div class=\"row_col_wrap_12 col span_12 dark left\">\n\t<div  class=\"vc_col-sm-12 wpb_column column_container vc_column_container col padding-2-percent inherit_tablet inherit_phone\"  data-border-radius=\"10px\" data-border-animation=\"\" data-border-animation-delay=\"\" data-border-width=\"1px\" data-border-style=\"solid\" data-border-color=\"#d3d3d3\" data-padding-pos=\"all\" data-has-bg-color=\"false\" data-bg-color=\"\" data-bg-opacity=\"1\" data-animation=\"\" data-delay=\"0\" >\n\t\t<div class=\"vc_column-inner\" style=\"border: 1px solid #d3d3d3;\">\n\t\t\t<div class=\"wpb_wrapper\">\n\t\t\t\t\n<div class=\"wpb_text_column wpb_content_element\" >\n\t<div class=\"wpb_wrapper\">\n\t\t<h2><strong>9. <\/strong>Mercados<\/h2>\n<p>Si le interesan los productos locales y la artesan\u00eda, no deje de visitar los mercadillos semanales. Los s\u00e1bados por la ma\u00f1ana, explore el mercadillo de Benissa, donde encontrar\u00e1 de todo, desde fruta y verdura fresca hasta bisuter\u00eda y recuerdos hechos a mano.<\/p>\n<h3>Mercados cerca de Benissa<\/h3>\n<h4>Lunes<\/h4>\n<ul>\n<li>Parcent | Plaza del Poble | 08:00 - 13:00<\/li>\n<li>D\u00e9nia | Carrer Germans Maristes | 08:00 - 13:30<\/li>\n<\/ul>\n<h4>Martes<\/h4>\n<ul>\n<li>Altea | Cam\u00ed de al Algar | 08:00 - 14:00<\/li>\n<li>Jal\u00f3n | Plaza de la Iglesia | 08:00 - 13:00<\/li>\n<li>Beniarbeig | Calle San Juan | 08:00 - 14:00<\/li>\n<li>Orihuela | Avenida Marques de Molins | 08:00 - 14:00 uu<\/li>\n<\/ul>\n<h4>Mi\u00e9rcoles<\/h4>\n<ul>\n<li>Ondara | Calle del Pintor Murillo | 08:00 - 13:00<\/li>\n<li>Polop | Plaza de los Chorros | 08:00 - 14:00<\/li>\n<li>Benitachell | Calle del Mercado | 08:00 - 13:00<\/li>\n<li>Teulada | Calle Alacant | 09:00 - 14:00<\/li>\n<li>Benidorm | Careterra Albir | 08:00 - 14:00<\/li>\n<li>El Campello | Plaza San Christol Lez Ales | 08:00 - 13:00<\/li>\n<li>Muchamiel | Calle Ram\u00f3n y Cajal | 08:00 - 13:00<\/li>\n<\/ul>\n<h4>Jueves<\/h4>\n<ul>\n<li>Gand\u00eda | Recinto Ferial - Parc Aus\u00edas Marzo | 08:00 - 14:00<\/li>\n<li>Pego | Plaza del Antic | 08:00 - 13:00<\/li>\n<li>J\u00e1vea | Plaza de la Constituc\u00edon | 08:30 - 14:00<\/li>\n<li>Benidoleig | Plaza Pa\u00eds Valencia | 08:00 - 14:00<\/li>\n<li>Villajoyosa | Avenida Carles Llorca y Baus | 08:00 - 14:00<\/li>\n<li>Alicante | Calle Doctor Nieto | 07:00 - 14:00<\/li>\n<\/ul>\n<h4>Viernes<\/h4>\n<ul>\n<li>Oliva | Paseo Lluis Vives | 09:00 - 14:00<\/li>\n<li>D\u00e9nia | Carrer Germans Maristes | 08:00 - 14:00<\/li>\n<li>Moraira | parking Avenida Madrid | 08:30 - 13:30<\/li>\n<li>L'Alf\u00e1s del Pi | Calle Ej\u00e9rcitos Espa\u00f1oles | 08:00 - 13:00<\/li>\n<li>Gata de Gorgos | Plaza Nova | 08:00 - 13:00<\/li>\n<li>Finestrat | Calle L'Hort | 08:00 - 13:00<\/li>\n<\/ul>\n<h4>S\u00e1bado<\/h4>\n<ul>\n<li>Benissa | Calle Sant Josep | 08:00 - 13:30<\/li>\n<li>Calpe | Avenida de Rumania | 08:00 - 14:00<\/li>\n<li>Pedreguer | Plaza del Mercado | 08:00 - 13:00<\/li>\n<li>Santa Pola | Avenida de Albacete | 08:00 - 14:00<\/li>\n<li>Jalon | Avenida rey Juan Carlos | 07:00 - 15:00<\/li>\n<\/ul>\n<h4>Domingo<\/h4>\n<ul>\n<li>Benidorm | Careterra Albir | 08:00 - 14:00<\/li>\n<li>Jesus Pobre | Carrer del Pinaret | 09:00 - 14:00<\/li>\n<li>Alicante | Calle Doctor Nieto | 07:00 - 14:00<\/li>\n<\/ul>\n\t<\/div>\n<\/div>\n\n\n\n\n\t\t\t<\/div> \n\t\t<\/div>\n\t<\/div> \n\n\t<div  class=\"vc_col-sm-12 wpb_column column_container vc_column_container col no-extra-padding inherit_tablet inherit_phone\"  data-padding-pos=\"all\" data-has-bg-color=\"false\" data-bg-color=\"\" data-bg-opacity=\"1\" data-animation=\"\" data-delay=\"0\" >\n\t\t<div class=\"vc_column-inner\" >\n\t\t\t<div class=\"wpb_wrapper\">\n\t\t\t\t\n\t\t\t<\/div> \n\t\t<\/div>\n\t<\/div> \n<\/div><\/div>","protected":false},"excerpt":{"rendered":"Natuurlijke schoonheid, rijke geschiedenis en charmante dorpjes wachten op je in Benissa en de omliggende regio aan de Costa Blanca in Spanje. Of je nu een avontuurlijke reiziger bent die...","protected":false},"author":1,"featured_media":1720,"comment_status":"closed","ping_status":"closed","sticky":false,"template":"","format":"standard","meta":{"footnotes":""},"categories":[110],"tags":[112,117],"class_list":{"0":"post-1719","1":"post","2":"type-post","3":"status-publish","4":"format-standard","5":"has-post-thumbnail","7":"category-omgeving-benissa","8":"tag-benissa","9":"tag-bezienwaardigheden"},"yoast_head":"<!-- This site is optimized with the Yoast SEO Premium plugin v21.3 (Yoast SEO v27.5) - https:\/\/yoast.com\/product\/yoast-seo-premium-wordpress\/ -->\n<title>Bezienswaardigheden in Benissa en omgeving - Casa Benissa<\/title>\n<meta name=\"description\" content=\"Top 10 bezienswaardigheden in Benissa en omgeving. Uitgebreide omschrijven wat er te doen is in Benissa en omgeving.\" \/>\n<meta name=\"robots\" content=\"index, follow, max-snippet:-1, max-image-preview:large, max-video-preview:-1\" \/>\n<link rel=\"canonical\" href=\"https:\/\/casabenissa.nl\/es\/top-10-sights-in-benissa-and-surroundings\/\" \/>\n<meta property=\"og:locale\" content=\"es_ES\" \/>\n<meta property=\"og:type\" content=\"article\" \/>\n<meta property=\"og:title\" content=\"Bezienswaardigheden in Benissa en omgeving\" \/>\n<meta property=\"og:description\" content=\"Top 10 bezienswaardigheden in Benissa en omgeving. Uitgebreide omschrijven wat er te doen is in Benissa en omgeving.\" \/>\n<meta property=\"og:url\" content=\"https:\/\/casabenissa.nl\/es\/top-10-sights-in-benissa-and-surroundings\/\" \/>\n<meta property=\"og:site_name\" content=\"Casa Benissa\" \/>\n<meta property=\"article:published_time\" content=\"2023-10-08T17:14:43+00:00\" \/>\n<meta property=\"article:modified_time\" content=\"2025-08-07T08:53:26+00:00\" \/>\n<meta property=\"og:image\" content=\"https:\/\/casabenissa.nl\/wp-content\/uploads\/bezienwaaridgheden-benissa.jpg\" \/>\n\t<meta property=\"og:image:width\" content=\"1440\" \/>\n\t<meta property=\"og:image:height\" content=\"1009\" \/>\n\t<meta property=\"og:image:type\" content=\"image\/jpeg\" \/>\n<meta name=\"author\" content=\"admin\" \/>\n<meta name=\"twitter:card\" content=\"summary_large_image\" \/>\n<meta name=\"twitter:label1\" content=\"Escrito por\" \/>\n\t<meta name=\"twitter:data1\" content=\"admin\" \/>\n\t<meta name=\"twitter:label2\" content=\"Tiempo de lectura\" \/>\n\t<meta name=\"twitter:data2\" content=\"19 minutos\" \/>\n<script type=\"application\/ld+json\" class=\"yoast-schema-graph\">{\"@context\":\"https:\\\/\\\/schema.org\",\"@graph\":[{\"@type\":\"Article\",\"@id\":\"https:\\\/\\\/casabenissa.nl\\\/en\\\/top-10-sights-in-benissa-and-surroundings\\\/#article\",\"isPartOf\":{\"@id\":\"https:\\\/\\\/casabenissa.nl\\\/en\\\/top-10-sights-in-benissa-and-surroundings\\\/\"},\"author\":{\"name\":\"admin\",\"@id\":\"https:\\\/\\\/casabenissa.nl\\\/es\\\/#\\\/schema\\\/person\\\/4c095ed42d73bb5e8c5f82f7f70c092c\"},\"headline\":\"Bezienswaardigheden in Benissa en omgeving\",\"datePublished\":\"2023-10-08T17:14:43+00:00\",\"dateModified\":\"2025-08-07T08:53:26+00:00\",\"mainEntityOfPage\":{\"@id\":\"https:\\\/\\\/casabenissa.nl\\\/en\\\/top-10-sights-in-benissa-and-surroundings\\\/\"},\"wordCount\":5244,\"publisher\":{\"@id\":\"https:\\\/\\\/casabenissa.nl\\\/es\\\/#organization\"},\"image\":{\"@id\":\"https:\\\/\\\/casabenissa.nl\\\/en\\\/top-10-sights-in-benissa-and-surroundings\\\/#primaryimage\"},\"thumbnailUrl\":\"https:\\\/\\\/casabenissa.nl\\\/wp-content\\\/uploads\\\/bezienwaaridgheden-benissa.jpg\",\"keywords\":[\"Benissa\",\"bezienwaardigheden\"],\"articleSection\":[\"Omgeving Benissa\"],\"inLanguage\":\"es\"},{\"@type\":\"WebPage\",\"@id\":\"https:\\\/\\\/casabenissa.nl\\\/en\\\/top-10-sights-in-benissa-and-surroundings\\\/\",\"url\":\"https:\\\/\\\/casabenissa.nl\\\/en\\\/top-10-sights-in-benissa-and-surroundings\\\/\",\"name\":\"Bezienswaardigheden in Benissa en omgeving - Casa Benissa\",\"isPartOf\":{\"@id\":\"https:\\\/\\\/casabenissa.nl\\\/es\\\/#website\"},\"primaryImageOfPage\":{\"@id\":\"https:\\\/\\\/casabenissa.nl\\\/en\\\/top-10-sights-in-benissa-and-surroundings\\\/#primaryimage\"},\"image\":{\"@id\":\"https:\\\/\\\/casabenissa.nl\\\/en\\\/top-10-sights-in-benissa-and-surroundings\\\/#primaryimage\"},\"thumbnailUrl\":\"https:\\\/\\\/casabenissa.nl\\\/wp-content\\\/uploads\\\/bezienwaaridgheden-benissa.jpg\",\"datePublished\":\"2023-10-08T17:14:43+00:00\",\"dateModified\":\"2025-08-07T08:53:26+00:00\",\"description\":\"Top 10 bezienswaardigheden in Benissa en omgeving. Uitgebreide omschrijven wat er te doen is in Benissa en omgeving.\",\"breadcrumb\":{\"@id\":\"https:\\\/\\\/casabenissa.nl\\\/en\\\/top-10-sights-in-benissa-and-surroundings\\\/#breadcrumb\"},\"inLanguage\":\"es\",\"potentialAction\":[{\"@type\":\"ReadAction\",\"target\":[\"https:\\\/\\\/casabenissa.nl\\\/en\\\/top-10-sights-in-benissa-and-surroundings\\\/\"]}]},{\"@type\":\"ImageObject\",\"inLanguage\":\"es\",\"@id\":\"https:\\\/\\\/casabenissa.nl\\\/en\\\/top-10-sights-in-benissa-and-surroundings\\\/#primaryimage\",\"url\":\"https:\\\/\\\/casabenissa.nl\\\/wp-content\\\/uploads\\\/bezienwaaridgheden-benissa.jpg\",\"contentUrl\":\"https:\\\/\\\/casabenissa.nl\\\/wp-content\\\/uploads\\\/bezienwaaridgheden-benissa.jpg\",\"width\":1440,\"height\":1009,\"caption\":\"bezienswaardigheden costa brava\"},{\"@type\":\"BreadcrumbList\",\"@id\":\"https:\\\/\\\/casabenissa.nl\\\/en\\\/top-10-sights-in-benissa-and-surroundings\\\/#breadcrumb\",\"itemListElement\":[{\"@type\":\"ListItem\",\"position\":1,\"name\":\"Home\",\"item\":\"https:\\\/\\\/casabenissa.nl\\\/es\\\/\"},{\"@type\":\"ListItem\",\"position\":2,\"name\":\"Bezienswaardigheden in Benissa en omgeving\"}]},{\"@type\":\"WebSite\",\"@id\":\"https:\\\/\\\/casabenissa.nl\\\/es\\\/#website\",\"url\":\"https:\\\/\\\/casabenissa.nl\\\/es\\\/\",\"name\":\"Casa Benissa | Trainingslocatie in Spanje\",\"description\":\"Trainingslocatie in Costa Blanca - Spanje\",\"publisher\":{\"@id\":\"https:\\\/\\\/casabenissa.nl\\\/es\\\/#organization\"},\"alternateName\":\"Huur een trainingslocatie in de Costa Blanca\",\"potentialAction\":[{\"@type\":\"SearchAction\",\"target\":{\"@type\":\"EntryPoint\",\"urlTemplate\":\"https:\\\/\\\/casabenissa.nl\\\/es\\\/?s={search_term_string}\"},\"query-input\":{\"@type\":\"PropertyValueSpecification\",\"valueRequired\":true,\"valueName\":\"search_term_string\"}}],\"inLanguage\":\"es\"},{\"@type\":\"Organization\",\"@id\":\"https:\\\/\\\/casabenissa.nl\\\/es\\\/#organization\",\"name\":\"Casa Benissa\",\"url\":\"https:\\\/\\\/casabenissa.nl\\\/es\\\/\",\"logo\":{\"@type\":\"ImageObject\",\"inLanguage\":\"es\",\"@id\":\"https:\\\/\\\/casabenissa.nl\\\/es\\\/#\\\/schema\\\/logo\\\/image\\\/\",\"url\":\"https:\\\/\\\/casabenissa.nl\\\/wp-content\\\/uploads\\\/Casa-benissa-logo.png\",\"contentUrl\":\"https:\\\/\\\/casabenissa.nl\\\/wp-content\\\/uploads\\\/Casa-benissa-logo.png\",\"width\":600,\"height\":300,\"caption\":\"Casa Benissa\"},\"image\":{\"@id\":\"https:\\\/\\\/casabenissa.nl\\\/es\\\/#\\\/schema\\\/logo\\\/image\\\/\"}},{\"@type\":\"Person\",\"@id\":\"https:\\\/\\\/casabenissa.nl\\\/es\\\/#\\\/schema\\\/person\\\/4c095ed42d73bb5e8c5f82f7f70c092c\",\"name\":\"admin\",\"image\":{\"@type\":\"ImageObject\",\"inLanguage\":\"es\",\"@id\":\"https:\\\/\\\/secure.gravatar.com\\\/avatar\\\/d1216862b2d99de334b23d83da2f9df1b468849536459fd555f4c543e2030207?s=96&d=mm&r=g\",\"url\":\"https:\\\/\\\/secure.gravatar.com\\\/avatar\\\/d1216862b2d99de334b23d83da2f9df1b468849536459fd555f4c543e2030207?s=96&d=mm&r=g\",\"contentUrl\":\"https:\\\/\\\/secure.gravatar.com\\\/avatar\\\/d1216862b2d99de334b23d83da2f9df1b468849536459fd555f4c543e2030207?s=96&d=mm&r=g\",\"caption\":\"admin\"},\"sameAs\":[\"https:\\\/\\\/vh2023izdeb-0.hosting-space.nl\"],\"url\":\"https:\\\/\\\/casabenissa.nl\\\/es\\\/author\\\/patrick\\\/\"}]}<\/script>\n<!-- \/ Yoast SEO Premium plugin. -->","yoast_head_json":{"title":"Qu\u00e9 ver en Benissa y alrededores - Casa Benissa","description":"Las 10 mejores atracciones de Benissa y alrededores. Descripci\u00f3n exhaustiva de qu\u00e9 hacer en Benissa y alrededores.","robots":{"index":"index","follow":"follow","max-snippet":"max-snippet:-1","max-image-preview":"max-image-preview:large","max-video-preview":"max-video-preview:-1"},"canonical":"https:\/\/casabenissa.nl\/es\/top-10-sights-in-benissa-and-surroundings\/","og_locale":"es_ES","og_type":"article","og_title":"Bezienswaardigheden in Benissa en omgeving","og_description":"Top 10 bezienswaardigheden in Benissa en omgeving. Uitgebreide omschrijven wat er te doen is in Benissa en omgeving.","og_url":"https:\/\/casabenissa.nl\/es\/top-10-sights-in-benissa-and-surroundings\/","og_site_name":"Casa Benissa","article_published_time":"2023-10-08T17:14:43+00:00","article_modified_time":"2025-08-07T08:53:26+00:00","og_image":[{"width":1440,"height":1009,"url":"https:\/\/casabenissa.nl\/wp-content\/uploads\/bezienwaaridgheden-benissa.jpg","type":"image\/jpeg"}],"author":"admin","twitter_card":"summary_large_image","twitter_misc":{"Escrito por":"admin","Tiempo de lectura":"19 minutos"},"schema":{"@context":"https:\/\/schema.org","@graph":[{"@type":"Article","@id":"https:\/\/casabenissa.nl\/en\/top-10-sights-in-benissa-and-surroundings\/#article","isPartOf":{"@id":"https:\/\/casabenissa.nl\/en\/top-10-sights-in-benissa-and-surroundings\/"},"author":{"name":"admin","@id":"https:\/\/casabenissa.nl\/es\/#\/schema\/person\/4c095ed42d73bb5e8c5f82f7f70c092c"},"headline":"Bezienswaardigheden in Benissa en omgeving","datePublished":"2023-10-08T17:14:43+00:00","dateModified":"2025-08-07T08:53:26+00:00","mainEntityOfPage":{"@id":"https:\/\/casabenissa.nl\/en\/top-10-sights-in-benissa-and-surroundings\/"},"wordCount":5244,"publisher":{"@id":"https:\/\/casabenissa.nl\/es\/#organization"},"image":{"@id":"https:\/\/casabenissa.nl\/en\/top-10-sights-in-benissa-and-surroundings\/#primaryimage"},"thumbnailUrl":"https:\/\/casabenissa.nl\/wp-content\/uploads\/bezienwaaridgheden-benissa.jpg","keywords":["Benissa","bezienwaardigheden"],"articleSection":["Omgeving Benissa"],"inLanguage":"es"},{"@type":"WebPage","@id":"https:\/\/casabenissa.nl\/en\/top-10-sights-in-benissa-and-surroundings\/","url":"https:\/\/casabenissa.nl\/en\/top-10-sights-in-benissa-and-surroundings\/","name":"Qu\u00e9 ver en Benissa y alrededores - Casa Benissa","isPartOf":{"@id":"https:\/\/casabenissa.nl\/es\/#website"},"primaryImageOfPage":{"@id":"https:\/\/casabenissa.nl\/en\/top-10-sights-in-benissa-and-surroundings\/#primaryimage"},"image":{"@id":"https:\/\/casabenissa.nl\/en\/top-10-sights-in-benissa-and-surroundings\/#primaryimage"},"thumbnailUrl":"https:\/\/casabenissa.nl\/wp-content\/uploads\/bezienwaaridgheden-benissa.jpg","datePublished":"2023-10-08T17:14:43+00:00","dateModified":"2025-08-07T08:53:26+00:00","description":"Las 10 mejores atracciones de Benissa y alrededores. Descripci\u00f3n exhaustiva de qu\u00e9 hacer en Benissa y alrededores.","breadcrumb":{"@id":"https:\/\/casabenissa.nl\/en\/top-10-sights-in-benissa-and-surroundings\/#breadcrumb"},"inLanguage":"es","potentialAction":[{"@type":"ReadAction","target":["https:\/\/casabenissa.nl\/en\/top-10-sights-in-benissa-and-surroundings\/"]}]},{"@type":"ImageObject","inLanguage":"es","@id":"https:\/\/casabenissa.nl\/en\/top-10-sights-in-benissa-and-surroundings\/#primaryimage","url":"https:\/\/casabenissa.nl\/wp-content\/uploads\/bezienwaaridgheden-benissa.jpg","contentUrl":"https:\/\/casabenissa.nl\/wp-content\/uploads\/bezienwaaridgheden-benissa.jpg","width":1440,"height":1009,"caption":"bezienswaardigheden costa brava"},{"@type":"BreadcrumbList","@id":"https:\/\/casabenissa.nl\/en\/top-10-sights-in-benissa-and-surroundings\/#breadcrumb","itemListElement":[{"@type":"ListItem","position":1,"name":"Home","item":"https:\/\/casabenissa.nl\/es\/"},{"@type":"ListItem","position":2,"name":"Bezienswaardigheden in Benissa en omgeving"}]},{"@type":"WebSite","@id":"https:\/\/casabenissa.nl\/es\/#website","url":"https:\/\/casabenissa.nl\/es\/","name":"Casa Benissa | Centro de formaci\u00f3n en Espa\u00f1a","description":"Lugar de entrenamiento en Costa Blanca - Espa\u00f1a","publisher":{"@id":"https:\/\/casabenissa.nl\/es\/#organization"},"alternateName":"Huur een trainingslocatie in de Costa Blanca","potentialAction":[{"@type":"SearchAction","target":{"@type":"EntryPoint","urlTemplate":"https:\/\/casabenissa.nl\/es\/?s={search_term_string}"},"query-input":{"@type":"PropertyValueSpecification","valueRequired":true,"valueName":"search_term_string"}}],"inLanguage":"es"},{"@type":"Organization","@id":"https:\/\/casabenissa.nl\/es\/#organization","name":"Casa Benissa","url":"https:\/\/casabenissa.nl\/es\/","logo":{"@type":"ImageObject","inLanguage":"es","@id":"https:\/\/casabenissa.nl\/es\/#\/schema\/logo\/image\/","url":"https:\/\/casabenissa.nl\/wp-content\/uploads\/Casa-benissa-logo.png","contentUrl":"https:\/\/casabenissa.nl\/wp-content\/uploads\/Casa-benissa-logo.png","width":600,"height":300,"caption":"Casa Benissa"},"image":{"@id":"https:\/\/casabenissa.nl\/es\/#\/schema\/logo\/image\/"}},{"@type":"Person","@id":"https:\/\/casabenissa.nl\/es\/#\/schema\/person\/4c095ed42d73bb5e8c5f82f7f70c092c","name":"admin","image":{"@type":"ImageObject","inLanguage":"es","@id":"https:\/\/secure.gravatar.com\/avatar\/d1216862b2d99de334b23d83da2f9df1b468849536459fd555f4c543e2030207?s=96&d=mm&r=g","url":"https:\/\/secure.gravatar.com\/avatar\/d1216862b2d99de334b23d83da2f9df1b468849536459fd555f4c543e2030207?s=96&d=mm&r=g","contentUrl":"https:\/\/secure.gravatar.com\/avatar\/d1216862b2d99de334b23d83da2f9df1b468849536459fd555f4c543e2030207?s=96&d=mm&r=g","caption":"admin"},"sameAs":["https:\/\/vh2023izdeb-0.hosting-space.nl"],"url":"https:\/\/casabenissa.nl\/es\/author\/patrick\/"}]}},"_links":{"self":[{"href":"https:\/\/casabenissa.nl\/es\/wp-json\/wp\/v2\/posts\/1719","targetHints":{"allow":["GET"]}}],"collection":[{"href":"https:\/\/casabenissa.nl\/es\/wp-json\/wp\/v2\/posts"}],"about":[{"href":"https:\/\/casabenissa.nl\/es\/wp-json\/wp\/v2\/types\/post"}],"author":[{"embeddable":true,"href":"https:\/\/casabenissa.nl\/es\/wp-json\/wp\/v2\/users\/1"}],"replies":[{"embeddable":true,"href":"https:\/\/casabenissa.nl\/es\/wp-json\/wp\/v2\/comments?post=1719"}],"version-history":[{"count":0,"href":"https:\/\/casabenissa.nl\/es\/wp-json\/wp\/v2\/posts\/1719\/revisions"}],"wp:featuredmedia":[{"embeddable":true,"href":"https:\/\/casabenissa.nl\/es\/wp-json\/wp\/v2\/media\/1720"}],"wp:attachment":[{"href":"https:\/\/casabenissa.nl\/es\/wp-json\/wp\/v2\/media?parent=1719"}],"wp:term":[{"taxonomy":"category","embeddable":true,"href":"https:\/\/casabenissa.nl\/es\/wp-json\/wp\/v2\/categories?post=1719"},{"taxonomy":"post_tag","embeddable":true,"href":"https:\/\/casabenissa.nl\/es\/wp-json\/wp\/v2\/tags?post=1719"}],"curies":[{"name":"gracias","href":"https:\/\/api.w.org\/{rel}","templated":true}]}}